{"id":15572,"date":"2024-02-10T16:51:28","date_gmt":"2024-02-10T15:51:28","guid":{"rendered":"https:\/\/moeckernkiez.org\/?p=15572"},"modified":"2024-02-24T22:15:04","modified_gmt":"2024-02-24T21:15:04","slug":"die-dicke-marianne-lastenfahrrad-ausleihen","status":"publish","type":"post","link":"https:\/\/moeckernkiez.org\/?p=15572","title":{"rendered":"Die Dicke Marianne &#8211; Lastenfahrrad ausleihen"},"content":{"rendered":"\n<p>Die Dicke Marianne beim ADFC im M\u00f6ckernkiez ist ein dreir\u00e4driges Lastenrad Marke Eigenbau mit einer ger\u00e4umigen oben offenen Ladefl\u00e4che. Sie kann wahrlich Gro\u00dfes bewegen und dank der offenen Vorderseite des Kastens auch Langes, ist aber nicht geeignet zum Kindertransport.<br>Ihre Kiste ist innen stolze 129 cm lang und 99 cm breit und kann mit bis zu 100kg beladen werden. Das ganze Rad misst 250 cm in der L\u00e4nge, 100 cm in der Breite und vertr\u00e4gt ein Gesamtgewicht von 200kg. Es hat eine stufenlose Nabenschaltung.<br>Bitte fahrt besonders vorsichtig und umsichtig mit diesem Rad, denn es ist wirklich gro\u00df!<\/p>\n\n\n\n<p>Die Dicke Marianne wurde mit Mitteln der \u201eSozialen Stadt\u201c im Mariannenkiez gebaut und wird von der <strong>degewo<\/strong> gro\u00dfz\u00fcgig unterst\u00fctzt.<\/p>\n\n\n\n<p><strong>Das Lastenrad kann f\u00fcr einen Tag, aber auch von Di bis Fr bzw. Fr bis Di ausgeliehen werden. Buche daf\u00fcr einfach den Tag an dem du das Rad abholen m\u00f6chtest.<\/strong><\/p>\n\n\n\n<p>Mehr Informationen, Standort und Buchungkalender hier: <a href=\"https:\/\/flotte-berlin.de\/cb-items\/dicke-marianne\" target=\"_blank\" rel=\"noreferrer noopener\">https:\/\/flotte-berlin.de\/cb-items\/dicke-marianne<\/a><\/p>\n\n\n\n<div id=\"lmb_69ee803145205\" class=\"map_block_leaflet\" style=\"height: 350px\"><\/div>\n<script>\n\t( function(){\n\t\tfunction is_loading() {\n\t\t\treturn document.body.classList.contains(\"loading\");\n\t\t}\n\t\t\n\t\tfunction initilize() {\n\t\t\tconst map = L.map(\"lmb_69ee803145205\").setView([\"52.4932135581\", \"13.3794271946\"], \"18\");\n\t\n\t\t\tL.tileLayer(\"https:\/\/{s}.tile.openstreetmap.org\/{z}\/{x}\/{y}.png\", {\n\t\t\t\tattribution: '&copy; <a href=\"http:\/\/www.openstreetmap.org\/copyright\">OpenStreetMap<\/a>'\n\t\t\t}).addTo(map);\n\t\n\t\t\t\t\tmap.scrollWheelZoom.disable();\n\t\t\n\t\t\t\t\tconst icon = new L.Icon.Default();\n\t\t\n\t\t\t\t\tconst content = \"M\u00f6ckernstra\u00dfe 47, Berlin, Berlin, Deutschland\";\n\t\t\tL.marker([\"52.4932135581\", \"13.3794271946\"], { icon: icon}).addTo(map)\n\t\t\t\t.bindPopup( content.replace(\/\\r?\\n\/g, \"<br \/>\") )\n\t\t\n\t\t\tconst timer = 100;\n\t\t\tfunction checkRender() {\n\t\t\t\tif( is_loading()) {\n\t\t\t\t\tsetTimeout(function(){\n\t\t\t\t\t\tcheckRender();\n\t\t\t\t\t}, timer);\n\t\t\t\t} else {\n\t\t\t\t\tmap.invalidateSize(true);\n\t\t\t\t}\n\t\t\t}\n\n\t\t\tconst container = document.getElementById(\"lmb_69ee803145205\");\n\t\t\tconst observer = ResizeObserver && new ResizeObserver(function() {\n\t\t\t\tmap.invalidateSize(true);\n\t\t\t});\n\n\t\t\tobserver && observer.observe(container);\n\t\t}\n\n\t\tdocument.addEventListener(\"DOMContentLoaded\", initilize);\n\t} )();\n<\/script>","protected":false},"excerpt":{"rendered":"<p>beim ADFC in der M\u00f6ckernstra\u00dfe 47<\/p>\n","protected":false},"author":2,"featured_media":15576,"comment_status":"closed","ping_status":"closed","sticky":false,"template":"","format":"standard","meta":{"_uag_custom_page_level_css":"","iawp_total_views":143,"footnotes":""},"categories":[100,61,7],"tags":[],"class_list":["post-15572","post","type-post","status-publish","format-standard","has-post-thumbnail","hentry","category-druckbeitraege","category-familien","category-kreuzberg","entry","rows-excerpt"],"uagb_featured_image_src":{"full":["https:\/\/moeckernkiez.org\/wp-content\/uploads\/2022\/07\/fLotte-Marianne-Moeckernkiez.jpg",800,599,false],"thumbnail":["https:\/\/moeckernkiez.org\/wp-content\/uploads\/2022\/07\/fLotte-Marianne-Moeckernkiez-140x140.jpg",140,140,true],"medium":["https:\/\/moeckernkiez.org\/wp-content\/uploads\/2022\/07\/fLotte-Marianne-Moeckernkiez-350x262.jpg",350,262,true],"medium_large":["https:\/\/moeckernkiez.org\/wp-content\/uploads\/2022\/07\/fLotte-Marianne-Moeckernkiez-768x575.jpg",768,575,true],"large":["https:\/\/moeckernkiez.org\/wp-content\/uploads\/2022\/07\/fLotte-Marianne-Moeckernkiez.jpg",800,599,false],"1536x1536":["https:\/\/moeckernkiez.org\/wp-content\/uploads\/2022\/07\/fLotte-Marianne-Moeckernkiez.jpg",800,599,false],"2048x2048":["https:\/\/moeckernkiez.org\/wp-content\/uploads\/2022\/07\/fLotte-Marianne-Moeckernkiez.jpg",800,599,false],"awpcp-thumbnail":["https:\/\/moeckernkiez.org\/wp-content\/uploads\/2022\/07\/fLotte-Marianne-Moeckernkiez-200x125.jpg",200,125,true],"awpcp-featured":["https:\/\/moeckernkiez.org\/wp-content\/uploads\/2022\/07\/fLotte-Marianne-Moeckernkiez-300x200.jpg",300,200,true],"awpcp-featured-on-lists":["https:\/\/moeckernkiez.org\/wp-content\/uploads\/2022\/07\/fLotte-Marianne-Moeckernkiez-300x300.jpg",300,300,true],"awpcp-large":["https:\/\/moeckernkiez.org\/wp-content\/uploads\/2022\/07\/fLotte-Marianne-Moeckernkiez-640x480.jpg",640,480,true]},"uagb_author_info":{"display_name":"MB","author_link":"https:\/\/moeckernkiez.org\/?author=2"},"uagb_comment_info":0,"uagb_excerpt":"beim ADFC in der M\u00f6ckernstra\u00dfe 47","publishpress_future_action":{"enabled":false,"date":"2026-05-03 23:14:25","action":"change-status","newStatus":"draft","terms":[],"taxonomy":"category","extraData":[]},"publishpress_future_workflow_manual_trigger":{"enabledWorkflows":[]},"_links":{"self":[{"href":"https:\/\/moeckernkiez.org\/index.php?rest_route=\/wp\/v2\/posts\/15572","targetHints":{"allow":["GET"]}}],"collection":[{"href":"https:\/\/moeckernkiez.org\/index.php?rest_route=\/wp\/v2\/posts"}],"about":[{"href":"https:\/\/moeckernkiez.org\/index.php?rest_route=\/wp\/v2\/types\/post"}],"author":[{"embeddable":true,"href":"https:\/\/moeckernkiez.org\/index.php?rest_route=\/wp\/v2\/users\/2"}],"replies":[{"embeddable":true,"href":"https:\/\/moeckernkiez.org\/index.php?rest_route=%2Fwp%2Fv2%2Fcomments&post=15572"}],"version-history":[{"count":5,"href":"https:\/\/moeckernkiez.org\/index.php?rest_route=\/wp\/v2\/posts\/15572\/revisions"}],"predecessor-version":[{"id":19415,"href":"https:\/\/moeckernkiez.org\/index.php?rest_route=\/wp\/v2\/posts\/15572\/revisions\/19415"}],"wp:featuredmedia":[{"embeddable":true,"href":"https:\/\/moeckernkiez.org\/index.php?rest_route=\/wp\/v2\/media\/15576"}],"wp:attachment":[{"href":"https:\/\/moeckernkiez.org\/index.php?rest_route=%2Fwp%2Fv2%2Fmedia&parent=15572"}],"wp:term":[{"taxonomy":"category","embeddable":true,"href":"https:\/\/moeckernkiez.org\/index.php?rest_route=%2Fwp%2Fv2%2Fcategories&post=15572"},{"taxonomy":"post_tag","embeddable":true,"href":"https:\/\/moeckernkiez.org\/index.php?rest_route=%2Fwp%2Fv2%2Ftags&post=15572"}],"curies":[{"name":"wp","href":"https:\/\/api.w.org\/{rel}","templated":true}]}}