{"id":15422,"date":"2023-06-29T17:36:02","date_gmt":"2023-06-29T15:36:02","guid":{"rendered":"https:\/\/moeckernkiez.org\/?p=15422"},"modified":"2023-07-03T07:44:42","modified_gmt":"2023-07-03T05:44:42","slug":"bergmannstrassenfest-kreuzbergstrassenfestival","status":"publish","type":"post","link":"https:\/\/moeckernkiez.org\/?p=15422","title":{"rendered":"Kreuzberg-Festival 2023"},"content":{"rendered":"\n<h2 class=\"wp-block-heading\">Das<strong> Kreuzberg-Festival 2023 <\/strong>wird vom <strong>30. Juni <\/strong>bis zum <strong>2. Juli<\/strong> in der Kreuzbergstra\u00dfe stattfinden!<\/h2>\n\n\n\n<p>Wo? In der&nbsp;Kreuzbergstra\u00dfe&nbsp;ab Mehringdamm bis Katzbachstra\u00dfe mit Teilen der Gro\u00dfbeeren- und M\u00f6ckernstra\u00dfe.&nbsp;<br>\u00d6ffnungszeiten:&nbsp;Freitag 16 Uhr bis 22 Uhr, Samstag von 16 bis 22 Uhr, Sonntag bis 20 Uhr.&nbsp;<\/p>\n\n\n\n<p>Das dicke Programm liegt vor und am Festwochenende \u00fcberall auf der Bergmannstra\u00dfe aus.<br>Das Programm an folgenden Tagen: <a rel=\"noreferrer noopener\" href=\"https:\/\/kreuzberg-festival.de\/freitag-30-juni\/\" target=\"_blank\">Freitag<\/a>,  <a rel=\"noreferrer noopener\" href=\"https:\/\/kreuzberg-festival.de\/samstag-1-juli\/\" target=\"_blank\">Samstag<\/a>, <a rel=\"noreferrer noopener\" href=\"https:\/\/kreuzberg-festival.de\/sonntag-2-juli\/\" target=\"_blank\">Sonntag<\/a><\/p>\n","protected":false},"excerpt":{"rendered":"<p>Das Bergmannstra\u00dfenfest, ein Highlight der Sommerfeste, jetzt als Kreuzberg-Festival.<\/p>\n","protected":false},"author":2,"featured_media":17935,"comment_status":"closed","ping_status":"closed","sticky":false,"template":"","format":"standard","meta":{"_uag_custom_page_level_css":"","iawp_total_views":563,"footnotes":""},"categories":[100,7],"tags":[],"class_list":["post-15422","post","type-post","status-publish","format-standard","has-post-thumbnail","hentry","category-druckbeitraege","category-kreuzberg","entry","rows-excerpt"],"uagb_featured_image_src":{"full":["https:\/\/moeckernkiez.org\/wp-content\/uploads\/2022\/06\/kreuzberg-festival.jpg",929,331,false],"thumbnail":["https:\/\/moeckernkiez.org\/wp-content\/uploads\/2022\/06\/kreuzberg-festival-140x140.jpg",140,140,true],"medium":["https:\/\/moeckernkiez.org\/wp-content\/uploads\/2022\/06\/kreuzberg-festival-350x125.jpg",350,125,true],"medium_large":["https:\/\/moeckernkiez.org\/wp-content\/uploads\/2022\/06\/kreuzberg-festival-768x274.jpg",768,274,true],"large":["https:\/\/moeckernkiez.org\/wp-content\/uploads\/2022\/06\/kreuzberg-festival.jpg",929,331,false],"1536x1536":["https:\/\/moeckernkiez.org\/wp-content\/uploads\/2022\/06\/kreuzberg-festival.jpg",929,331,false],"2048x2048":["https:\/\/moeckernkiez.org\/wp-content\/uploads\/2022\/06\/kreuzberg-festival.jpg",929,331,false],"awpcp-thumbnail":["https:\/\/moeckernkiez.org\/wp-content\/uploads\/2022\/06\/kreuzberg-festival-200x125.jpg",200,125,true],"awpcp-featured":["https:\/\/moeckernkiez.org\/wp-content\/uploads\/2022\/06\/kreuzberg-festival-300x200.jpg",300,200,true],"awpcp-featured-on-lists":["https:\/\/moeckernkiez.org\/wp-content\/uploads\/2022\/06\/kreuzberg-festival-300x300.jpg",300,300,true],"awpcp-large":["https:\/\/moeckernkiez.org\/wp-content\/uploads\/2022\/06\/kreuzberg-festival-640x228.jpg",640,228,true]},"uagb_author_info":{"display_name":"MB","author_link":"https:\/\/moeckernkiez.org\/?author=2"},"uagb_comment_info":0,"uagb_excerpt":"Das Bergmannstra\u00dfenfest, ein Highlight der Sommerfeste, jetzt als Kreuzberg-Festival.","publishpress_future_action":{"enabled":false,"date":"2026-05-06 11:56:39","action":"change-status","newStatus":"draft","terms":[],"taxonomy":"category","extraData":[]},"publishpress_future_workflow_manual_trigger":{"enabledWorkflows":[]},"_links":{"self":[{"href":"https:\/\/moeckernkiez.org\/index.php?rest_route=\/wp\/v2\/posts\/15422","targetHints":{"allow":["GET"]}}],"collection":[{"href":"https:\/\/moeckernkiez.org\/index.php?rest_route=\/wp\/v2\/posts"}],"about":[{"href":"https:\/\/moeckernkiez.org\/index.php?rest_route=\/wp\/v2\/types\/post"}],"author":[{"embeddable":true,"href":"https:\/\/moeckernkiez.org\/index.php?rest_route=\/wp\/v2\/users\/2"}],"replies":[{"embeddable":true,"href":"https:\/\/moeckernkiez.org\/index.php?rest_route=%2Fwp%2Fv2%2Fcomments&post=15422"}],"version-history":[{"count":6,"href":"https:\/\/moeckernkiez.org\/index.php?rest_route=\/wp\/v2\/posts\/15422\/revisions"}],"predecessor-version":[{"id":17996,"href":"https:\/\/moeckernkiez.org\/index.php?rest_route=\/wp\/v2\/posts\/15422\/revisions\/17996"}],"wp:featuredmedia":[{"embeddable":true,"href":"https:\/\/moeckernkiez.org\/index.php?rest_route=\/wp\/v2\/media\/17935"}],"wp:attachment":[{"href":"https:\/\/moeckernkiez.org\/index.php?rest_route=%2Fwp%2Fv2%2Fmedia&parent=15422"}],"wp:term":[{"taxonomy":"category","embeddable":true,"href":"https:\/\/moeckernkiez.org\/index.php?rest_route=%2Fwp%2Fv2%2Fcategories&post=15422"},{"taxonomy":"post_tag","embeddable":true,"href":"https:\/\/moeckernkiez.org\/index.php?rest_route=%2Fwp%2Fv2%2Ftags&post=15422"}],"curies":[{"name":"wp","href":"https:\/\/api.w.org\/{rel}","templated":true}]}}