{"id":15303,"date":"2022-06-26T22:58:32","date_gmt":"2022-06-26T20:58:32","guid":{"rendered":"https:\/\/moeckernkiez.org\/?p=15303"},"modified":"2022-06-26T23:38:37","modified_gmt":"2022-06-26T21:38:37","slug":"ein-gespraech-ueber-muell-kraehen-und-fuechse","status":"publish","type":"post","link":"https:\/\/moeckernkiez.org\/?p=15303","title":{"rendered":"Ein Gespr\u00e4ch \u00fcber M\u00fcll, Kr\u00e4hen und F\u00fcchse"},"content":{"rendered":"\n<p>Die Szenerie: Eine Gruppe, vermutlich eine Familie mit Freunden, stellt gerade, drei gro\u00dfe mit M\u00fcll gef\u00fcllte T\u00fcten neben die M\u00fclleimer am Stangenspielplatz im Park am Gleisdreieck ab. Ein Passant f\u00e4hrt mit dem Fahrrad vorbei und spricht die Gruppe an. <br><em>Ein Gespr\u00e4ch beginnt:<\/em><br>Passant: &#8222;Verzeihen Sie, dass ich sie anspreche. Es w\u00e4re besser, wenn Sie Ihren M\u00fcll und die T\u00fcten in die M\u00fcllbeh\u00e4lter stecken. Neben den Beh\u00e4ltern werden sich die Kr\u00e4hen und die F\u00fcchse dar\u00fcber hermachen und den M\u00fcll \u00fcber den Weg, die Wiese und den Kinderspielplatz verteilen.&#8220;<br>Frau aus der Gruppe: &#8222;Die \u00d6ffnungen der M\u00fcllbeh\u00e4lter sind zu klein, da passen die M\u00fcllt\u00fcten nicht rein&#8220;<br>Passant: &#8222;Ja, die \u00d6ffnungen sind so klein, damit die Kr\u00e4hen den M\u00fcll nicht zu leicht herausholen k\u00f6nnen.&#8220;<br>Frau aus der Gruppe: &#8222;Ah, ok und \u00fcbrigens kommen doch gleich noch die M\u00fclleinsammler.&#8220;<br>Passant: &#8222;Nein, die Parkreiniger kommen erst morgen ab 7:30 Uhr.&#8220;<br>Mann aus der Gruppe: &#8222;Sagen Sie mal, sind Sie hier der Polizist, oder wer?&#8220;<br>\u00c4ltere Frau aus der Gruppe: &#8222;Oder, vielleicht der B\u00fcrgermeister? &#8211; Hahaha!&#8220;<br>Passant: &#8222;Nein, verzeihen Sie, dass ich Sie darauf angesprochen habe. Ich dachte nur, dass Sie das wissen sollten.&#8220;<br>Eine Frau aus Gruppe: &#8222;Ja, sie haben ja recht. Wir nehmen die M\u00fcllt\u00fcten einfach mit.&#8220;<br>Ein Jugendlicher aus der Gruppe: &#8222;Nein, der Idiot soll verschwinden, den geht das hier nichts an.&#8220;<br><em>Zwei j\u00fcngere Frauen aus der Gruppe leeren mittlerweile die M\u00fcllt\u00fcten in die Beh\u00e4lter um.<br><\/em>Eine \u00e4ltere Frau aus Gruppe: &#8222;Schauen sich doch an, was Sie nun angerichtet haben. Die machen sich doch die H\u00e4nde total schmutzig.&#8220;<br>Eine junge Frau aus Gruppe: &#8222;Lasst ihn doch in Ruhe und geht schon mal vor, ich mache das hier schon.&#8220;<br><em>Die junge Frau zerkleinert den gro\u00dfen Karton und steckt diesen ebenfalls in den M\u00fcllbeh\u00e4lter.<\/em><br>Passant: &#8222;Danke und noch einen sch\u00f6nen Abend.&#8220;<\/p>\n\n\n\n<p>W\u00e4re es ein L\u00f6sungsansatz, dass man \u00e4hnlich wie bei Briefk\u00e4sten auch die Leerungszeiten auf die M\u00fcllbeh\u00e4lter schreibt? Und ein Hinweis: ACHTUNG: M\u00fcll bitte nicht neben den Beh\u00e4ltern abstellen &#8211; Wildtiere im Park \u00f6ffnen die T\u00fcten und verteilen den M\u00fcll \u00fcber Wiesen und Spielpl\u00e4tze.<\/p>\n\n\n\n<p>Zum Thema passend:<br>&#8211; <a rel=\"noreferrer noopener\" href=\"\/?p=10150\" target=\"_blank\">Littering im Park<\/a><br>&#8211; <a href=\"\/?p=7460\">Lieber Dackel statt Dogge und Sammelrate erh\u00f6hen<\/a><\/p>\n","protected":false},"excerpt":{"rendered":"<p>Die Szenerie: Eine Gruppe, vermutlich eine Familie mit Freunden, stellt gerade, drei gro\u00dfe mit M\u00fcll gef\u00fcllte T\u00fcten neben die M\u00fclleimer&#8230;<\/p>\n","protected":false},"author":2,"featured_media":10662,"comment_status":"closed","ping_status":"closed","sticky":false,"template":"","format":"standard","meta":{"_uag_custom_page_level_css":"","iawp_total_views":12,"footnotes":""},"categories":[100,7,103],"tags":[],"class_list":["post-15303","post","type-post","status-publish","format-standard","has-post-thumbnail","hentry","category-druckbeitraege","category-kreuzberg","category-park","entry","rows-excerpt"],"uagb_featured_image_src":{"full":["https:\/\/moeckernkiez.org\/wp-content\/uploads\/2021\/06\/Muelleimer-Abend-1.jpg",800,470,false],"thumbnail":["https:\/\/moeckernkiez.org\/wp-content\/uploads\/2021\/06\/Muelleimer-Abend-1-140x140.jpg",140,140,true],"medium":["https:\/\/moeckernkiez.org\/wp-content\/uploads\/2021\/06\/Muelleimer-Abend-1-350x206.jpg",350,206,true],"medium_large":["https:\/\/moeckernkiez.org\/wp-content\/uploads\/2021\/06\/Muelleimer-Abend-1-768x451.jpg",768,451,true],"large":["https:\/\/moeckernkiez.org\/wp-content\/uploads\/2021\/06\/Muelleimer-Abend-1.jpg",800,470,false],"1536x1536":["https:\/\/moeckernkiez.org\/wp-content\/uploads\/2021\/06\/Muelleimer-Abend-1.jpg",800,470,false],"2048x2048":["https:\/\/moeckernkiez.org\/wp-content\/uploads\/2021\/06\/Muelleimer-Abend-1.jpg",800,470,false],"awpcp-thumbnail":["https:\/\/moeckernkiez.org\/wp-content\/uploads\/2021\/06\/Muelleimer-Abend-1.jpg",200,118,false],"awpcp-featured":["https:\/\/moeckernkiez.org\/wp-content\/uploads\/2021\/06\/Muelleimer-Abend-1.jpg",300,176,false],"awpcp-featured-on-lists":["https:\/\/moeckernkiez.org\/wp-content\/uploads\/2021\/06\/Muelleimer-Abend-1.jpg",300,176,false],"awpcp-large":["https:\/\/moeckernkiez.org\/wp-content\/uploads\/2021\/06\/Muelleimer-Abend-1.jpg",640,376,false]},"uagb_author_info":{"display_name":"MB","author_link":"https:\/\/moeckernkiez.org\/?author=2"},"uagb_comment_info":0,"uagb_excerpt":"Die Szenerie: Eine Gruppe, vermutlich eine Familie mit Freunden, stellt gerade, drei gro\u00dfe mit M\u00fcll gef\u00fcllte T\u00fcten neben die M\u00fclleimer&#8230;","publishpress_future_action":{"enabled":false,"date":"2026-05-08 02:14:27","action":"change-status","newStatus":"draft","terms":[],"taxonomy":"category","extraData":[]},"publishpress_future_workflow_manual_trigger":{"enabledWorkflows":[]},"_links":{"self":[{"href":"https:\/\/moeckernkiez.org\/index.php?rest_route=\/wp\/v2\/posts\/15303","targetHints":{"allow":["GET"]}}],"collection":[{"href":"https:\/\/moeckernkiez.org\/index.php?rest_route=\/wp\/v2\/posts"}],"about":[{"href":"https:\/\/moeckernkiez.org\/index.php?rest_route=\/wp\/v2\/types\/post"}],"author":[{"embeddable":true,"href":"https:\/\/moeckernkiez.org\/index.php?rest_route=\/wp\/v2\/users\/2"}],"replies":[{"embeddable":true,"href":"https:\/\/moeckernkiez.org\/index.php?rest_route=%2Fwp%2Fv2%2Fcomments&post=15303"}],"version-history":[{"count":5,"href":"https:\/\/moeckernkiez.org\/index.php?rest_route=\/wp\/v2\/posts\/15303\/revisions"}],"predecessor-version":[{"id":15329,"href":"https:\/\/moeckernkiez.org\/index.php?rest_route=\/wp\/v2\/posts\/15303\/revisions\/15329"}],"wp:featuredmedia":[{"embeddable":true,"href":"https:\/\/moeckernkiez.org\/index.php?rest_route=\/wp\/v2\/media\/10662"}],"wp:attachment":[{"href":"https:\/\/moeckernkiez.org\/index.php?rest_route=%2Fwp%2Fv2%2Fmedia&parent=15303"}],"wp:term":[{"taxonomy":"category","embeddable":true,"href":"https:\/\/moeckernkiez.org\/index.php?rest_route=%2Fwp%2Fv2%2Fcategories&post=15303"},{"taxonomy":"post_tag","embeddable":true,"href":"https:\/\/moeckernkiez.org\/index.php?rest_route=%2Fwp%2Fv2%2Ftags&post=15303"}],"curies":[{"name":"wp","href":"https:\/\/api.w.org\/{rel}","templated":true}]}}