{"id":1526,"date":"2019-12-02T10:07:36","date_gmt":"2019-12-02T09:07:36","guid":{"rendered":"http:\/\/redaktion.moeckernkiez.org\/?post_type=tribe_events&#038;p=1526"},"modified":"2019-12-08T16:32:20","modified_gmt":"2019-12-08T15:32:20","slug":"mufo5-kinderfreizeit-weihnachtsfeier-am-14-dezember-14-18-uhr","status":"publish","type":"post","link":"https:\/\/moeckernkiez.org\/?p=1526","title":{"rendered":"M*UFO5 Kinderfreizeit &#8211; Weihnachtsfeier am 14. Dezember 14-18 Uhr"},"content":{"rendered":"\n\n\n<p>Liebe Kinder, Eltern und Interessierte,<\/p>\n\n\n\n<p>das Team der M*UFO5 &#8211; Kinderfreizeit l\u00e4dt Euch herzlich zum letzten Familientag in 2019, welcher zugleich auch die gemeinsame Weihnachtsfeier sein wird, ein. Los geht`s am Samstag, den 14. Dezember, um 14 Uhr. <br>Ihr m\u00f6chtet etwas zum Fest beitragen? Ihr kennt ein lustiges Spiel f\u00fcr kleine und gro\u00dfe Menschen? Ihr m\u00f6chtet Kekse oder einen Kuchen backen? Ihr k\u00f6nnt ein oder mehrere (Weihnachts-)Lieder auf einem Instrument spielen? oder oder oder? Dann meldet Euch!<br>Das Team freut sich auf Eure Beitr\u00e4ge f\u00fcr ein gem\u00fctliches Beisammensein und einen gelungenen Jahresausklang!<br><br>Vorweihnachtliche Gr\u00fc\u00dfe sendet das Team der M*UFO5 &#8211; Kinderfreizeit<\/p>\n\n\n\n\n\n<p>Bitte schon f\u00fcr 2020 vormerken:<br> 21.12.- 06.01. Schlie\u00dfzeit<br> 11.01. Start ins Neue Jahr &#8211; Familientag<br> 16.01. Elterninformationsabend in der M*UFO5 &#8211; Kinderfreizeit <\/p>\n\n\n\n\n\n\n\n\n\n\n","protected":false},"excerpt":{"rendered":"<p>das Team der M*UFO5 &#8211; Kinderfreizeit l\u00e4dt Euch herzlich zum letzten Familientag in 2019, welcher zugleich auch die gemeinsame Weihnachtsfeier sein wird, ein. Los geht`s am Samstag, den 14. Dezember, um 14 Uhr. <\/p>\n","protected":false},"author":2,"featured_media":1532,"comment_status":"closed","ping_status":"closed","sticky":false,"template":"","format":"standard","meta":{"_uag_custom_page_level_css":"","iawp_total_views":2,"footnotes":""},"categories":[],"tags":[],"class_list":["post-1526","post","type-post","status-publish","format-standard","has-post-thumbnail","hentry","entry","rows-excerpt"],"uagb_featured_image_src":{"full":["https:\/\/moeckernkiez.org\/wp-content\/uploads\/wppa\/2.jpg",0,0,false],"thumbnail":["https:\/\/moeckernkiez.org\/wp-content\/uploads\/wppa\/2.jpg",1,1,false],"medium":["https:\/\/moeckernkiez.org\/wp-content\/uploads\/wppa\/2.jpg",1,1,false],"medium_large":["https:\/\/moeckernkiez.org\/wp-content\/uploads\/wppa\/2.jpg",1,1,false],"large":["https:\/\/moeckernkiez.org\/wp-content\/uploads\/wppa\/2.jpg",1,1,false],"1536x1536":["https:\/\/moeckernkiez.org\/wp-content\/uploads\/wppa\/2.jpg",1,1,false],"2048x2048":["https:\/\/moeckernkiez.org\/wp-content\/uploads\/wppa\/2.jpg",1,1,false],"awpcp-thumbnail":["https:\/\/moeckernkiez.org\/wp-content\/uploads\/wppa\/2.jpg",1,1,false],"awpcp-featured":["https:\/\/moeckernkiez.org\/wp-content\/uploads\/wppa\/2.jpg",1,1,false],"awpcp-featured-on-lists":["https:\/\/moeckernkiez.org\/wp-content\/uploads\/wppa\/2.jpg",1,1,false],"awpcp-large":["https:\/\/moeckernkiez.org\/wp-content\/uploads\/wppa\/2.jpg",1,1,false]},"uagb_author_info":{"display_name":"MB","author_link":"https:\/\/moeckernkiez.org\/?author=2"},"uagb_comment_info":0,"uagb_excerpt":"das Team der M*UFO5 - Kinderfreizeit l\u00e4dt Euch herzlich zum letzten Familientag in 2019, welcher zugleich auch die gemeinsame Weihnachtsfeier sein wird, ein. Los geht`s am Samstag, den 14. Dezember, um 14 Uhr.","publishpress_future_action":{"enabled":false,"date":"2026-05-03 12:37:52","action":"change-status","newStatus":"draft","terms":[],"taxonomy":"category","extraData":[]},"publishpress_future_workflow_manual_trigger":{"enabledWorkflows":[]},"_links":{"self":[{"href":"https:\/\/moeckernkiez.org\/index.php?rest_route=\/wp\/v2\/posts\/1526","targetHints":{"allow":["GET"]}}],"collection":[{"href":"https:\/\/moeckernkiez.org\/index.php?rest_route=\/wp\/v2\/posts"}],"about":[{"href":"https:\/\/moeckernkiez.org\/index.php?rest_route=\/wp\/v2\/types\/post"}],"author":[{"embeddable":true,"href":"https:\/\/moeckernkiez.org\/index.php?rest_route=\/wp\/v2\/users\/2"}],"replies":[{"embeddable":true,"href":"https:\/\/moeckernkiez.org\/index.php?rest_route=%2Fwp%2Fv2%2Fcomments&post=1526"}],"version-history":[{"count":5,"href":"https:\/\/moeckernkiez.org\/index.php?rest_route=\/wp\/v2\/posts\/1526\/revisions"}],"predecessor-version":[{"id":1660,"href":"https:\/\/moeckernkiez.org\/index.php?rest_route=\/wp\/v2\/posts\/1526\/revisions\/1660"}],"wp:featuredmedia":[{"embeddable":true,"href":"https:\/\/moeckernkiez.org\/index.php?rest_route=\/wp\/v2\/media\/1532"}],"wp:attachment":[{"href":"https:\/\/moeckernkiez.org\/index.php?rest_route=%2Fwp%2Fv2%2Fmedia&parent=1526"}],"wp:term":[{"taxonomy":"category","embeddable":true,"href":"https:\/\/moeckernkiez.org\/index.php?rest_route=%2Fwp%2Fv2%2Fcategories&post=1526"},{"taxonomy":"post_tag","embeddable":true,"href":"https:\/\/moeckernkiez.org\/index.php?rest_route=%2Fwp%2Fv2%2Ftags&post=1526"}],"curies":[{"name":"wp","href":"https:\/\/api.w.org\/{rel}","templated":true}]}}