{"id":14706,"date":"2023-04-12T17:21:49","date_gmt":"2023-04-12T15:21:49","guid":{"rendered":"https:\/\/moeckernkiez.org\/?p=14706"},"modified":"2023-04-14T10:50:14","modified_gmt":"2023-04-14T08:50:14","slug":"neu-schilder-gegen-e-scooter","status":"publish","type":"post","link":"https:\/\/moeckernkiez.org\/?p=14706","title":{"rendered":"Neue Schilder gegen E-Scooter"},"content":{"rendered":"\n<p>Im Park tut sich was. E-Scooter sind im gesamtne Park verboten. An allen Eing\u00e4ngen wurden die Schilder angebracht &#8222;E-Scooter sind verboten&#8220;.<br>Nach ersten nicht ganz richtigen Angaben der Berliner Polizei: &#8222;E-Scooter d\u00fcrfen nur noch auf dem Nord-S\u00fcd Radweg fahren&#8220; hat uns nun von offizieller Stelle folgende Richtigstellung erreicht:<\/p>\n\n\n\n<blockquote class=\"wp-block-quote is-layout-flow wp-block-quote-is-layout-flow\">\n<p>E-Scooter sind im Park am Gleisdreieck und im Nord-S\u00fcd-Gr\u00fcnzug nicht gestattet, auch nicht auf dem Fernradweg. Sowohl der Park am Gleisdreieck als auch der Nord-S\u00fcd-Gr\u00fcnzug sind gesch\u00fctzte Gr\u00fcnanlagen, die dem Berliner Gr\u00fcnanlagengesetz (Gr\u00fcnAnlG) unterliegen.<br>Das Befahren der Gr\u00fcnanlage mit Kraftfahrzeugen ist gem\u00e4\u00df \u00a76 Abs. 1 S. 5 Gr\u00fcnAnlG nicht gestattet. E-Scooter werden ebenfalls als Kraftfahrzeuge eingestuft und fallen somit unter dieses Verbot.<br>Dies gilt sowohl f\u00fcr Leih-e-Scooter als auch private e-Scooter.<\/p>\n<\/blockquote>\n\n\n\n<p>Wird sich das durchsetzen lassen? Aus Erfahrung wissen wir, dass neue Regeln nur dann befolgt werden, wenn diese kontrolliert und Verst\u00f6\u00dfe auch geahndet werden. Wobei hier auch die E-Scooter-Betreiber in Haftung genommen werden sollten. Es ist ein leichtes per Software-Steuerung festzulegen, dass E-Scooter z. B. in Parks einfach stehen bleiben oder vielleicht nur noch Schrittgeschwindigkeit fahren k\u00f6nnen. <\/p>\n\n\n\n<p>Handelt es sich hier um eine Ordnungswidrigkeit, die tats\u00e4chlich mit bis zu 5000,- \u20ac geahndet werden k\u00f6nnte? <a rel=\"noreferrer noopener\" href=\"https:\/\/gesetze.berlin.de\/bsbe\/document\/jlr-Gr%C3%BCnAnlGBEV1P7\" target=\"_blank\">Siehe hier &#8230;<\/a><\/p>\n\n\n\n<p><br>Hier ein R\u00fcckblick auf die <a href=\"\/?p=3768\">Initiativen der letzten Jahre &gt;&gt;&gt;<\/a><\/p>\n","protected":false},"excerpt":{"rendered":"<p>Richtigstellung: E-Scooter sind im Park verboten. An allen Eing\u00e4ngen wurden die Schilder angebracht.<\/p>\n","protected":false},"author":2,"featured_media":14707,"comment_status":"closed","ping_status":"closed","sticky":false,"template":"","format":"standard","meta":{"_uag_custom_page_level_css":"","iawp_total_views":393,"footnotes":""},"categories":[100,7,103],"tags":[],"class_list":["post-14706","post","type-post","status-publish","format-standard","has-post-thumbnail","hentry","category-druckbeitraege","category-kreuzberg","category-park","entry","rows-excerpt"],"uagb_featured_image_src":{"full":["https:\/\/moeckernkiez.org\/wp-content\/uploads\/2022\/04\/e-scooter-verboten.jpg",1084,629,false],"thumbnail":["https:\/\/moeckernkiez.org\/wp-content\/uploads\/2022\/04\/e-scooter-verboten-140x140.jpg",140,140,true],"medium":["https:\/\/moeckernkiez.org\/wp-content\/uploads\/2022\/04\/e-scooter-verboten-350x203.jpg",350,203,true],"medium_large":["https:\/\/moeckernkiez.org\/wp-content\/uploads\/2022\/04\/e-scooter-verboten-768x446.jpg",768,446,true],"large":["https:\/\/moeckernkiez.org\/wp-content\/uploads\/2022\/04\/e-scooter-verboten-1024x594.jpg",1024,594,true],"1536x1536":["https:\/\/moeckernkiez.org\/wp-content\/uploads\/2022\/04\/e-scooter-verboten.jpg",1084,629,false],"2048x2048":["https:\/\/moeckernkiez.org\/wp-content\/uploads\/2022\/04\/e-scooter-verboten.jpg",1084,629,false],"awpcp-thumbnail":["https:\/\/moeckernkiez.org\/wp-content\/uploads\/2022\/04\/e-scooter-verboten-200x125.jpg",200,125,true],"awpcp-featured":["https:\/\/moeckernkiez.org\/wp-content\/uploads\/2022\/04\/e-scooter-verboten-300x200.jpg",300,200,true],"awpcp-featured-on-lists":["https:\/\/moeckernkiez.org\/wp-content\/uploads\/2022\/04\/e-scooter-verboten-300x300.jpg",300,300,true],"awpcp-large":["https:\/\/moeckernkiez.org\/wp-content\/uploads\/2022\/04\/e-scooter-verboten-640x371.jpg",640,371,true]},"uagb_author_info":{"display_name":"MB","author_link":"https:\/\/moeckernkiez.org\/?author=2"},"uagb_comment_info":0,"uagb_excerpt":"Richtigstellung: E-Scooter sind im Park verboten. An allen Eing\u00e4ngen wurden die Schilder angebracht.","publishpress_future_action":{"enabled":false,"date":"2026-05-06 13:39:15","action":"change-status","newStatus":"draft","terms":[],"taxonomy":"category","extraData":[]},"publishpress_future_workflow_manual_trigger":{"enabledWorkflows":[]},"_links":{"self":[{"href":"https:\/\/moeckernkiez.org\/index.php?rest_route=\/wp\/v2\/posts\/14706","targetHints":{"allow":["GET"]}}],"collection":[{"href":"https:\/\/moeckernkiez.org\/index.php?rest_route=\/wp\/v2\/posts"}],"about":[{"href":"https:\/\/moeckernkiez.org\/index.php?rest_route=\/wp\/v2\/types\/post"}],"author":[{"embeddable":true,"href":"https:\/\/moeckernkiez.org\/index.php?rest_route=\/wp\/v2\/users\/2"}],"replies":[{"embeddable":true,"href":"https:\/\/moeckernkiez.org\/index.php?rest_route=%2Fwp%2Fv2%2Fcomments&post=14706"}],"version-history":[{"count":9,"href":"https:\/\/moeckernkiez.org\/index.php?rest_route=\/wp\/v2\/posts\/14706\/revisions"}],"predecessor-version":[{"id":17777,"href":"https:\/\/moeckernkiez.org\/index.php?rest_route=\/wp\/v2\/posts\/14706\/revisions\/17777"}],"wp:featuredmedia":[{"embeddable":true,"href":"https:\/\/moeckernkiez.org\/index.php?rest_route=\/wp\/v2\/media\/14707"}],"wp:attachment":[{"href":"https:\/\/moeckernkiez.org\/index.php?rest_route=%2Fwp%2Fv2%2Fmedia&parent=14706"}],"wp:term":[{"taxonomy":"category","embeddable":true,"href":"https:\/\/moeckernkiez.org\/index.php?rest_route=%2Fwp%2Fv2%2Fcategories&post=14706"},{"taxonomy":"post_tag","embeddable":true,"href":"https:\/\/moeckernkiez.org\/index.php?rest_route=%2Fwp%2Fv2%2Ftags&post=14706"}],"curies":[{"name":"wp","href":"https:\/\/api.w.org\/{rel}","templated":true}]}}