{"id":14588,"date":"2020-05-19T18:36:00","date_gmt":"2020-05-19T16:36:00","guid":{"rendered":"https:\/\/moeckernkiez.org\/?p=14588"},"modified":"2022-04-19T19:03:00","modified_gmt":"2022-04-19T17:03:00","slug":"umfrage-zur-erweiterung-des-moeckernkiez-2020","status":"publish","type":"post","link":"https:\/\/moeckernkiez.org\/?p=14588","title":{"rendered":"Umfrage zur Erweiterung des M\u00f6ckernkiez 2020"},"content":{"rendered":"\n<p>Im 1. Quartal 2020 hat der Vorstand eine Umfrage bei den Genossen und Genossinnen im M\u00f6ckernkiez durchf\u00fchren lassen. Die Ergebnisse stehen eindeutig auf Expansion. Die &#8222;Nichtwohnenden&#8220; Genossen sind bereit, auch finanziell in Vorleistung zu gehen und f\u00fcr die Absicherung ben\u00f6tigte Anteile auch schon vorab zu zeichnen.<\/p>\n\n\n\n<p class=\"has-text-align-center\"><a href=\"\/wp-content\/uploads\/2022\/04\/Umfrageauswertung_Moeckernkiez_Erweiterung_Q1-2020.pdf\" target=\"_blank\" rel=\"noreferrer noopener\">>>> Hier die Pr\u00e4sentation und Auswertung der Umfrage &lt;&lt;&lt;<\/a><\/p>\n\n\n\n<p>Die Vorst\u00e4nde der M\u00f6ckernkiez Genossenschaft beurteilen die Ergebnisse so:<\/p>\n\n\n\n<blockquote class=\"wp-block-quote is-layout-flow wp-block-quote-is-layout-flow\"><p>Das Ergebnis zeigt eine deutliche Zustimmung zu den Pl\u00e4nen, den M\u00f6ckernkiez zu erweitern. Wir f\u00fchlen uns somit best\u00e4rkt in unserer Arbeit und unserem Bestreben, geeignete Grundst\u00fccke zur Verwirklichung einer Erweiterung des M\u00f6ckernkiez zu suchen und hoffentlich auch zu finden.<br>Berlin, 05. Mai 2020<br>gez. Frank Nitzsche <br>gez. Hilmar Kummle<\/p><cite>Quelle: Mitgliederrundschreiben vom Mai 2020<\/cite><\/blockquote>\n\n\n\n<p>Na, dann los und ran an die Aufgabe!<\/p>\n\n\n\n<figure class=\"wp-block-image size-full\"><img loading=\"lazy\" decoding=\"async\" width=\"1024\" height=\"515\" src=\"https:\/\/moeckernkiez.org\/wp-content\/uploads\/2022\/04\/Anteile-zeichen.jpg\" alt=\"\" class=\"wp-image-14598\" srcset=\"https:\/\/moeckernkiez.org\/wp-content\/uploads\/2022\/04\/Anteile-zeichen.jpg 1024w, https:\/\/moeckernkiez.org\/wp-content\/uploads\/2022\/04\/Anteile-zeichen-350x176.jpg 350w, https:\/\/moeckernkiez.org\/wp-content\/uploads\/2022\/04\/Anteile-zeichen-768x386.jpg 768w, https:\/\/moeckernkiez.org\/wp-content\/uploads\/2022\/04\/Anteile-zeichen-640x322.jpg 640w\" sizes=\"auto, (max-width: 1024px) 100vw, 1024px\" \/><figcaption>Auszug aus Ergebnisse der Umfrage 2020<\/figcaption><\/figure>\n","protected":false},"excerpt":{"rendered":"<p>Umfrage ergibt hohe Zustimmung zur Erweiterung des M\u00f6ckernkiezs. Vorstand legt los &#8230;<\/p>\n","protected":false},"author":2,"featured_media":10602,"comment_status":"closed","ping_status":"closed","sticky":false,"template":"","format":"standard","meta":{"_uag_custom_page_level_css":"","iawp_total_views":12,"footnotes":""},"categories":[5],"tags":[],"class_list":["post-14588","post","type-post","status-publish","format-standard","has-post-thumbnail","hentry","category-moeckernkiez","entry","rows-excerpt"],"uagb_featured_image_src":{"full":["https:\/\/moeckernkiez.org\/wp-content\/uploads\/2021\/06\/Moeckernkiez_Zahlen-1.jpg",700,350,false],"thumbnail":["https:\/\/moeckernkiez.org\/wp-content\/uploads\/2021\/06\/Moeckernkiez_Zahlen-1-140x140.jpg",140,140,true],"medium":["https:\/\/moeckernkiez.org\/wp-content\/uploads\/2021\/06\/Moeckernkiez_Zahlen-1-350x175.jpg",350,175,true],"medium_large":["https:\/\/moeckernkiez.org\/wp-content\/uploads\/2021\/06\/Moeckernkiez_Zahlen-1.jpg",700,350,false],"large":["https:\/\/moeckernkiez.org\/wp-content\/uploads\/2021\/06\/Moeckernkiez_Zahlen-1.jpg",700,350,false],"1536x1536":["https:\/\/moeckernkiez.org\/wp-content\/uploads\/2021\/06\/Moeckernkiez_Zahlen-1.jpg",700,350,false],"2048x2048":["https:\/\/moeckernkiez.org\/wp-content\/uploads\/2021\/06\/Moeckernkiez_Zahlen-1.jpg",700,350,false],"awpcp-thumbnail":["https:\/\/moeckernkiez.org\/wp-content\/uploads\/2021\/06\/Moeckernkiez_Zahlen-1.jpg",200,100,false],"awpcp-featured":["https:\/\/moeckernkiez.org\/wp-content\/uploads\/2021\/06\/Moeckernkiez_Zahlen-1.jpg",300,150,false],"awpcp-featured-on-lists":["https:\/\/moeckernkiez.org\/wp-content\/uploads\/2021\/06\/Moeckernkiez_Zahlen-1.jpg",300,150,false],"awpcp-large":["https:\/\/moeckernkiez.org\/wp-content\/uploads\/2021\/06\/Moeckernkiez_Zahlen-1.jpg",640,320,false]},"uagb_author_info":{"display_name":"MB","author_link":"https:\/\/moeckernkiez.org\/?author=2"},"uagb_comment_info":0,"uagb_excerpt":"Umfrage ergibt hohe Zustimmung zur Erweiterung des M\u00f6ckernkiezs. Vorstand legt los ...","publishpress_future_action":{"enabled":false,"date":"2026-05-06 12:00:05","action":"change-status","newStatus":"draft","terms":[],"taxonomy":"category","extraData":[]},"publishpress_future_workflow_manual_trigger":{"enabledWorkflows":[]},"_links":{"self":[{"href":"https:\/\/moeckernkiez.org\/index.php?rest_route=\/wp\/v2\/posts\/14588","targetHints":{"allow":["GET"]}}],"collection":[{"href":"https:\/\/moeckernkiez.org\/index.php?rest_route=\/wp\/v2\/posts"}],"about":[{"href":"https:\/\/moeckernkiez.org\/index.php?rest_route=\/wp\/v2\/types\/post"}],"author":[{"embeddable":true,"href":"https:\/\/moeckernkiez.org\/index.php?rest_route=\/wp\/v2\/users\/2"}],"replies":[{"embeddable":true,"href":"https:\/\/moeckernkiez.org\/index.php?rest_route=%2Fwp%2Fv2%2Fcomments&post=14588"}],"version-history":[{"count":5,"href":"https:\/\/moeckernkiez.org\/index.php?rest_route=\/wp\/v2\/posts\/14588\/revisions"}],"predecessor-version":[{"id":14599,"href":"https:\/\/moeckernkiez.org\/index.php?rest_route=\/wp\/v2\/posts\/14588\/revisions\/14599"}],"wp:featuredmedia":[{"embeddable":true,"href":"https:\/\/moeckernkiez.org\/index.php?rest_route=\/wp\/v2\/media\/10602"}],"wp:attachment":[{"href":"https:\/\/moeckernkiez.org\/index.php?rest_route=%2Fwp%2Fv2%2Fmedia&parent=14588"}],"wp:term":[{"taxonomy":"category","embeddable":true,"href":"https:\/\/moeckernkiez.org\/index.php?rest_route=%2Fwp%2Fv2%2Fcategories&post=14588"},{"taxonomy":"post_tag","embeddable":true,"href":"https:\/\/moeckernkiez.org\/index.php?rest_route=%2Fwp%2Fv2%2Ftags&post=14588"}],"curies":[{"name":"wp","href":"https:\/\/api.w.org\/{rel}","templated":true}]}}