{"id":11997,"date":"2021-09-13T21:15:00","date_gmt":"2021-09-13T19:15:00","guid":{"rendered":"https:\/\/moeckernkiez.org\/?p=11997"},"modified":"2023-12-02T23:27:16","modified_gmt":"2023-12-02T22:27:16","slug":"zukunft-mit-luft-nach-oben","status":"publish","type":"post","link":"https:\/\/moeckernkiez.org\/?p=11997","title":{"rendered":"Zukunftsvision mit Luft nach oben"},"content":{"rendered":"\n<h2 class=\"wp-block-heading\">Zukunftsforum 2030 stolpert los<\/h2>\n\n\n\n<p>&#8222;Schade, es sind mal wieder nur die da, die immer da sind. Wie erreicht man nur den Rest?&#8220; so eine Stimme aus der Runde. <br>Circa 3000 Genossen\/innen hat die M\u00f6ckernkiez Genossenschaft. 500 Genossen\/innen wurden zuf\u00e4llig als Teilnehmer\/innen ins Zukunftsforum angemailt und ganz, ganz besonders eingeladen und dann sind am Ende am 25. August 2021 doch nur um die 80 echte Teilnehmer in die Auftraktkonferenz gekommen. Nur ca. 2,5%, das ist wahrlich wenig Interesse und ein entt\u00e4uschender Auftakt. <br>In den Breakout Sessions wurde die Initiative als sehr positiv bewertet. Doch etwas Ratlosigkeit bez\u00fcglich der Zeilsetzung kam immer wieder auf : &#8222;Geht es denn nun nur um den Neubau?&#8220; <br>Zum einen sollen Ideen zur Vision entwickelt werden, dann gibt es aber einen Lenkungskreis, zum Gro\u00dfteil mit denen besetzt, die schon immer gerne lenken und fast alle zwischen 60 und 70 Jahre alt sind. Was ist denn diesmal anders? Hat man nun nur mehr zuf\u00e4llig ausgew\u00e4hlte &#8222;wei\u00dfe M\u00e4use&#8220; engagiert, die auf vorgegebenen Bahnen laufen sollen?<br>Es war auch eine leichte Angst zu sp\u00fcren, dass bisherige tolle Erkenntnisse aus der &#8222;Alten-WG&#8220; oder anderen spezialisierten Seniorengruppen neben dem Zukunftsforum an Bedeutung verlieren k\u00f6nnten. Doch da wurde gleich aus dem Lenkungskreis signalisiert, dass nat\u00fcrlich die zukunftsvisonierende Gruppe in bereits bestehende Ansichten durch sehr alte Vortragende schon eingenordet wird &#8211; echt jetzt? <br>Soll es ein Neu- oder doch lieber ein Altbau werden?<br><strong>Fazit:<\/strong> Noch nix Neues in der Zukunft. Wir lassen es mal anlaufen und freuen uns, wenn es einen sch\u00f6nen Output gibt. Hoffentlich gibt es echte Zukunftsgeschichten anstatt nur einer Rechnung \u00fcber 40.000,- Euro f\u00fcr die externe Betreuung.<\/p>\n\n\n\n<p>Technische M\u00e4ngel waren auch wieder ein Problem. Proben und Schulungen sollten vor solchen Veranstaltungen gemacht werden. Und BigBlueButton kennen doch nun viele und w\u00e4re sicher besser gewesen. Unsicherheit bei den Organisatoren, zu geringe Internetanbindungen, Sprachbarrieren oder auch die fehlende Medienkompetenz grenzen aus! Das w\u00e4ren doch Zukunftsthemen, mit denen man beginnen k\u00f6nnte.<br>Stay tuned!<\/p>\n\n\n\n<h2 class=\"wp-block-heading\">Erg\u00e4nzungen<\/h2>\n\n\n\n<blockquote class=\"wp-block-quote is-layout-flow wp-block-quote-is-layout-flow\">\n<p>Bei der Auftaktveranstaltung nahmen 80 Personen teil. Am 3.9.21 wurden die Teilnehmenden ausgelost. Die R\u00fccklaufquote betrug 8%, 11 Nicht-Wohnende und 31 Wohnende ausgew\u00e4hlt, darunter 18 m\u00e4nnlich, 24 weiblich, 0 divers (soweit uns bekannt). In absoluten Zahlen mehr R\u00fcckl\u00e4ufe in h\u00f6heren Altersklassen. Niemand in der Klasse unter 21.<\/p>\n<cite>Quelle: 16.9.2021 &#8211; Lenkungskreis Zukunftsforum 2030<\/cite><\/blockquote>\n\n\n\n<p>Fragen der Blogger: Die Zahlenangaben sind nicht stimmig. 8% wovon? Wie dominant ist die Altersgruppe 60+?<\/p>\n","protected":false},"excerpt":{"rendered":"<p>Zukunftsforum 2030 stolpert los mit Auftaktveranstaltung &#8211; gutes Format, wenige Teilnehmer, noch diffuse Zeilsetzung &#8230;<\/p>\n","protected":false},"author":2,"featured_media":11437,"comment_status":"closed","ping_status":"closed","sticky":false,"template":"","format":"standard","meta":{"_uag_custom_page_level_css":"","iawp_total_views":4,"footnotes":""},"categories":[100,5],"tags":[],"class_list":["post-11997","post","type-post","status-publish","format-standard","has-post-thumbnail","hentry","category-druckbeitraege","category-moeckernkiez","entry","rows-excerpt"],"uagb_featured_image_src":{"full":["https:\/\/moeckernkiez.org\/wp-content\/uploads\/2021\/08\/house-in-the-sky-render-composing-5148106.jpg",1024,512,false],"thumbnail":["https:\/\/moeckernkiez.org\/wp-content\/uploads\/2021\/08\/house-in-the-sky-render-composing-5148106-140x140.jpg",140,140,true],"medium":["https:\/\/moeckernkiez.org\/wp-content\/uploads\/2021\/08\/house-in-the-sky-render-composing-5148106-350x175.jpg",350,175,true],"medium_large":["https:\/\/moeckernkiez.org\/wp-content\/uploads\/2021\/08\/house-in-the-sky-render-composing-5148106-768x384.jpg",768,384,true],"large":["https:\/\/moeckernkiez.org\/wp-content\/uploads\/2021\/08\/house-in-the-sky-render-composing-5148106.jpg",1024,512,false],"1536x1536":["https:\/\/moeckernkiez.org\/wp-content\/uploads\/2021\/08\/house-in-the-sky-render-composing-5148106.jpg",1024,512,false],"2048x2048":["https:\/\/moeckernkiez.org\/wp-content\/uploads\/2021\/08\/house-in-the-sky-render-composing-5148106.jpg",1024,512,false],"awpcp-thumbnail":["https:\/\/moeckernkiez.org\/wp-content\/uploads\/2021\/08\/house-in-the-sky-render-composing-5148106.jpg",200,100,false],"awpcp-featured":["https:\/\/moeckernkiez.org\/wp-content\/uploads\/2021\/08\/house-in-the-sky-render-composing-5148106.jpg",300,150,false],"awpcp-featured-on-lists":["https:\/\/moeckernkiez.org\/wp-content\/uploads\/2021\/08\/house-in-the-sky-render-composing-5148106.jpg",300,150,false],"awpcp-large":["https:\/\/moeckernkiez.org\/wp-content\/uploads\/2021\/08\/house-in-the-sky-render-composing-5148106.jpg",640,320,false]},"uagb_author_info":{"display_name":"MB","author_link":"https:\/\/moeckernkiez.org\/?author=2"},"uagb_comment_info":0,"uagb_excerpt":"Zukunftsforum 2030 stolpert los mit Auftaktveranstaltung - gutes Format, wenige Teilnehmer, noch diffuse Zeilsetzung ...","publishpress_future_action":{"enabled":false,"date":"2026-05-03 15:46:59","action":"change-status","newStatus":"draft","terms":[],"taxonomy":"category","extraData":[]},"publishpress_future_workflow_manual_trigger":{"enabledWorkflows":[]},"_links":{"self":[{"href":"https:\/\/moeckernkiez.org\/index.php?rest_route=\/wp\/v2\/posts\/11997","targetHints":{"allow":["GET"]}}],"collection":[{"href":"https:\/\/moeckernkiez.org\/index.php?rest_route=\/wp\/v2\/posts"}],"about":[{"href":"https:\/\/moeckernkiez.org\/index.php?rest_route=\/wp\/v2\/types\/post"}],"author":[{"embeddable":true,"href":"https:\/\/moeckernkiez.org\/index.php?rest_route=\/wp\/v2\/users\/2"}],"replies":[{"embeddable":true,"href":"https:\/\/moeckernkiez.org\/index.php?rest_route=%2Fwp%2Fv2%2Fcomments&post=11997"}],"version-history":[{"count":9,"href":"https:\/\/moeckernkiez.org\/index.php?rest_route=\/wp\/v2\/posts\/11997\/revisions"}],"predecessor-version":[{"id":19048,"href":"https:\/\/moeckernkiez.org\/index.php?rest_route=\/wp\/v2\/posts\/11997\/revisions\/19048"}],"wp:featuredmedia":[{"embeddable":true,"href":"https:\/\/moeckernkiez.org\/index.php?rest_route=\/wp\/v2\/media\/11437"}],"wp:attachment":[{"href":"https:\/\/moeckernkiez.org\/index.php?rest_route=%2Fwp%2Fv2%2Fmedia&parent=11997"}],"wp:term":[{"taxonomy":"category","embeddable":true,"href":"https:\/\/moeckernkiez.org\/index.php?rest_route=%2Fwp%2Fv2%2Fcategories&post=11997"},{"taxonomy":"post_tag","embeddable":true,"href":"https:\/\/moeckernkiez.org\/index.php?rest_route=%2Fwp%2Fv2%2Ftags&post=11997"}],"curies":[{"name":"wp","href":"https:\/\/api.w.org\/{rel}","templated":true}]}}