{"id":11785,"date":"2021-09-09T10:00:00","date_gmt":"2021-09-09T08:00:00","guid":{"rendered":"https:\/\/moeckernkiez.org\/?p=11785"},"modified":"2021-09-12T13:09:29","modified_gmt":"2021-09-12T11:09:29","slug":"politiker-bemuehen-sich-um-gebeutelte-parkanwohner","status":"publish","type":"post","link":"https:\/\/moeckernkiez.org\/?p=11785","title":{"rendered":"Politiker bem\u00fchen sich um zugebeutelten Park"},"content":{"rendered":"\n<p>Im Vorfeld der Wahlen im September 2021 hat die B\u00fcrgerinitiative \u201eGemeinsam f\u00fcrs Gr\u00fcne Gleisdreieck\u201c Kandidat*innen f\u00fcr die Bezirksverordnetenversammlung (BVV) Friedrichshain-Kreuzberg und das Berliner Abgeordnetenhaus (AGH) von B\u00fcndnis 90\/Die Gr\u00fcnen, der SPD, der Linken, der FDP und der CDU angeschrieben und sie danach gefragt, welche Vorstellungen sie haben, die sich st\u00e4ndig versch\u00e4rfenden Probleme im Gleisdreieckpark \u2013 insbesondere L\u00e4rm, Vandalismus, Verm\u00fcllung \u2013 zu l\u00f6sen.<br><br>Eine sehr spannende Zusammenfassung ist auf dem <a rel=\"noreferrer noopener\" href=\"https:\/\/gleisdreieck-blog.de\/2021\/08\/19\/wie-weiter-mit-dem-gleisdreieckpark\/\" target=\"_blank\">Gleisdreieckblog hier zu finden &#8230;<\/a><br><br>Wir sind gespannt, wer nach der Wahl, was halten wird. Schlie\u00dfungen als einfachstes Mittel werden jedenfalls nicht ausgeschlossen, schade, wenns so kommt.<\/p>\n\n\n\n<p>Anmerkung zum obigen Bild. <br>Das Titelbild zeigt die \u00dcberreste von zwei Familienfeiern auf der Picknickwiese gegen 20 Uhr. Die M\u00fclleimer sind nicht voll und die &#8222;Jugendlichen&#8220; auch noch nicht in der N\u00e4he. Jeder kann sich ungef\u00e4hr vorstellen, wie dieser Haufen am n\u00e4chsten Morgen aussieht, nachdem die Kr\u00e4hen mit dem Fr\u00fchst\u00fcck fertig sind. <a rel=\"noreferrer noopener\" href=\"\/?p=10150\" target=\"_blank\">Hier ein Beispiel &#8230;<\/a><\/p>\n\n\n\n<p>Eine \u00dcbersicht zu weiteren Beitr\u00e4gen zum <a rel=\"noreferrer noopener\" href=\"\/?p=3768\" target=\"_blank\">Park am Gleisdreieck ist hier zu finden &#8230;<\/a><\/p>\n","protected":false},"excerpt":{"rendered":"<p>L\u00e4rm, Vandalismus, Verm\u00fcllung \u2013 wie gedenken Berlins Parteien dies zu l\u00f6sen &#8211; eine Anfrage.<\/p>\n","protected":false},"author":2,"featured_media":10660,"comment_status":"closed","ping_status":"closed","sticky":false,"template":"","format":"standard","meta":{"_uag_custom_page_level_css":"","iawp_total_views":13,"footnotes":""},"categories":[100,7],"tags":[],"class_list":["post-11785","post","type-post","status-publish","format-standard","has-post-thumbnail","hentry","category-druckbeitraege","category-kreuzberg","entry","rows-excerpt"],"uagb_featured_image_src":{"full":["https:\/\/moeckernkiez.org\/wp-content\/uploads\/2021\/06\/Muelleimer-Abend.jpg",1024,601,false],"thumbnail":["https:\/\/moeckernkiez.org\/wp-content\/uploads\/2021\/06\/Muelleimer-Abend-140x140.jpg",140,140,true],"medium":["https:\/\/moeckernkiez.org\/wp-content\/uploads\/2021\/06\/Muelleimer-Abend-350x205.jpg",350,205,true],"medium_large":["https:\/\/moeckernkiez.org\/wp-content\/uploads\/2021\/06\/Muelleimer-Abend-768x451.jpg",768,451,true],"large":["https:\/\/moeckernkiez.org\/wp-content\/uploads\/2021\/06\/Muelleimer-Abend.jpg",1024,601,false],"1536x1536":["https:\/\/moeckernkiez.org\/wp-content\/uploads\/2021\/06\/Muelleimer-Abend.jpg",1024,601,false],"2048x2048":["https:\/\/moeckernkiez.org\/wp-content\/uploads\/2021\/06\/Muelleimer-Abend.jpg",1024,601,false],"awpcp-thumbnail":["https:\/\/moeckernkiez.org\/wp-content\/uploads\/2021\/06\/Muelleimer-Abend.jpg",200,117,false],"awpcp-featured":["https:\/\/moeckernkiez.org\/wp-content\/uploads\/2021\/06\/Muelleimer-Abend.jpg",300,176,false],"awpcp-featured-on-lists":["https:\/\/moeckernkiez.org\/wp-content\/uploads\/2021\/06\/Muelleimer-Abend.jpg",300,176,false],"awpcp-large":["https:\/\/moeckernkiez.org\/wp-content\/uploads\/2021\/06\/Muelleimer-Abend.jpg",640,376,false]},"uagb_author_info":{"display_name":"MB","author_link":"https:\/\/moeckernkiez.org\/?author=2"},"uagb_comment_info":0,"uagb_excerpt":"L\u00e4rm, Vandalismus, Verm\u00fcllung \u2013 wie gedenken Berlins Parteien dies zu l\u00f6sen - eine Anfrage.","publishpress_future_action":{"enabled":false,"date":"2026-05-08 01:52:24","action":"change-status","newStatus":"draft","terms":[],"taxonomy":"category","extraData":[]},"publishpress_future_workflow_manual_trigger":{"enabledWorkflows":[]},"_links":{"self":[{"href":"https:\/\/moeckernkiez.org\/index.php?rest_route=\/wp\/v2\/posts\/11785","targetHints":{"allow":["GET"]}}],"collection":[{"href":"https:\/\/moeckernkiez.org\/index.php?rest_route=\/wp\/v2\/posts"}],"about":[{"href":"https:\/\/moeckernkiez.org\/index.php?rest_route=\/wp\/v2\/types\/post"}],"author":[{"embeddable":true,"href":"https:\/\/moeckernkiez.org\/index.php?rest_route=\/wp\/v2\/users\/2"}],"replies":[{"embeddable":true,"href":"https:\/\/moeckernkiez.org\/index.php?rest_route=%2Fwp%2Fv2%2Fcomments&post=11785"}],"version-history":[{"count":7,"href":"https:\/\/moeckernkiez.org\/index.php?rest_route=\/wp\/v2\/posts\/11785\/revisions"}],"predecessor-version":[{"id":11903,"href":"https:\/\/moeckernkiez.org\/index.php?rest_route=\/wp\/v2\/posts\/11785\/revisions\/11903"}],"wp:featuredmedia":[{"embeddable":true,"href":"https:\/\/moeckernkiez.org\/index.php?rest_route=\/wp\/v2\/media\/10660"}],"wp:attachment":[{"href":"https:\/\/moeckernkiez.org\/index.php?rest_route=%2Fwp%2Fv2%2Fmedia&parent=11785"}],"wp:term":[{"taxonomy":"category","embeddable":true,"href":"https:\/\/moeckernkiez.org\/index.php?rest_route=%2Fwp%2Fv2%2Fcategories&post=11785"},{"taxonomy":"post_tag","embeddable":true,"href":"https:\/\/moeckernkiez.org\/index.php?rest_route=%2Fwp%2Fv2%2Ftags&post=11785"}],"curies":[{"name":"wp","href":"https:\/\/api.w.org\/{rel}","templated":true}]}}