{"id":10150,"date":"2021-06-18T19:23:00","date_gmt":"2021-06-18T17:23:00","guid":{"rendered":"https:\/\/moeckernkiez.org\/?p=10150"},"modified":"2021-06-27T16:25:30","modified_gmt":"2021-06-27T14:25:30","slug":"littering-im-park","status":"publish","type":"post","link":"https:\/\/moeckernkiez.org\/?p=10150","title":{"rendered":"Littering im Park"},"content":{"rendered":"\n<p>Eine Langzeitstudie der Humboldt-Universit\u00e4t Berlin aus dem Jahr 2018 belegt, dass nicht prim\u00e4r fehlende M\u00fclleimer, sondern Bequemlichkeit, Faulheit und fehlende Erziehung Gr\u00fcnde f\u00fcr \u201eLittering\u201c sind. Dabei sind junge Erwachsene im Alter von 18-30 Jahren am h\u00e4ufigsten die VerursacherInnen f\u00fcr&nbsp;M\u00fcll durch unn\u00f6tige&nbsp;Take-Away-Verpackungen und offensichtlich Pizza-Kartons. Und warum muss der M\u00fcll neben den M\u00fclleimern stehen? Keine 50 Meter weiter stehen zwei M\u00fclleimer, die leer sind. Das sind im Park am Gleisdreieck die \u00dcberreste von Familienfesten am Nachmittag. <br>Auf Platz 2 liegen die Jugendlichen und f\u00fcr&nbsp;liegen gelassenen&nbsp;Hundekot ist dagegen eher die Bev\u00f6lkerungsgruppe der \u00fcber 50-J\u00e4hrigen verantwortlich.<br>Also auch keine guten Vorbilder f\u00fcr Kinder und Jugendliche. Was hilft dagegen?<\/p>\n\n\n\n<figure class=\"wp-block-gallery columns-2 is-cropped wp-block-gallery-1 is-layout-flex wp-block-gallery-is-layout-flex\"><ul class=\"blocks-gallery-grid\"><li class=\"blocks-gallery-item\"><figure><a href=\"https:\/\/moeckernkiez.org\/wp-content\/uploads\/2021\/06\/Muelleimer-Abend-1.jpg\"><img loading=\"lazy\" decoding=\"async\" width=\"800\" height=\"470\" src=\"https:\/\/moeckernkiez.org\/wp-content\/uploads\/2021\/06\/Muelleimer-Abend-1.jpg\" alt=\"\" data-id=\"10662\" data-link=\"https:\/\/moeckernkiez.org\/?attachment_id=10662\" class=\"wp-image-10662\" srcset=\"https:\/\/moeckernkiez.org\/wp-content\/uploads\/2021\/06\/Muelleimer-Abend-1.jpg 800w, https:\/\/moeckernkiez.org\/wp-content\/uploads\/2021\/06\/Muelleimer-Abend-1-350x206.jpg 350w, https:\/\/moeckernkiez.org\/wp-content\/uploads\/2021\/06\/Muelleimer-Abend-1-768x451.jpg 768w\" sizes=\"auto, (max-width: 800px) 100vw, 800px\" \/><\/a><figcaption class=\"blocks-gallery-item__caption\">26. Juni 2021 ca. 20 Uhr<\/figcaption><\/figure><\/li><li class=\"blocks-gallery-item\"><figure><a href=\"https:\/\/moeckernkiez.org\/wp-content\/uploads\/2021\/06\/Muelleimer-Morgen-1.jpg\"><img loading=\"lazy\" decoding=\"async\" width=\"798\" height=\"470\" src=\"https:\/\/moeckernkiez.org\/wp-content\/uploads\/2021\/06\/Muelleimer-Morgen-1.jpg\" alt=\"\" data-id=\"10663\" data-full-url=\"https:\/\/moeckernkiez.org\/wp-content\/uploads\/2021\/06\/Muelleimer-Morgen-1.jpg\" data-link=\"https:\/\/moeckernkiez.org\/?attachment_id=10663\" class=\"wp-image-10663\" srcset=\"https:\/\/moeckernkiez.org\/wp-content\/uploads\/2021\/06\/Muelleimer-Morgen-1.jpg 798w, https:\/\/moeckernkiez.org\/wp-content\/uploads\/2021\/06\/Muelleimer-Morgen-1-350x206.jpg 350w, https:\/\/moeckernkiez.org\/wp-content\/uploads\/2021\/06\/Muelleimer-Morgen-1-768x452.jpg 768w\" sizes=\"auto, (max-width: 798px) 100vw, 798px\" \/><\/a><figcaption class=\"blocks-gallery-item__caption\">27. Juni 2021 ca. 8 Uhr<\/figcaption><\/figure><\/li><\/ul><figcaption class=\"blocks-gallery-caption\">Es sind nicht immer die Jugendlichen. Es sind regelm\u00e4\u00dfig die Familienfeiern auf der Wiese, die viel M\u00fcll hinterlassen. In den M\u00fcllbeh\u00e4ltern w\u00e4r auch noch gen\u00fcgend Platz &#8211; den Rest erledigen die Kr\u00e4hen, die nach Resten suchen.<\/figcaption><\/figure>\n\n\n\n<p>Quellen: <a rel=\"noreferrer noopener\" href=\"https:\/\/www.remap-berlin.de\/blog\/zero-waste-tipp\/142\" target=\"_blank\">BUND<\/a> und Gesellschaftsph\u00e4nomen Littering \u2013 <a href=\"https:\/\/www.vku.de\/fileadmin\/user_upload\/Verbandsseite\/Presse\/Pressemitteilungen\/Studie_Littering_Humboldt_Uni_Zusammenfassung.pdf\">Studie der Berliner Humboldt-Universit\u00e4t<\/a> und<br><a rel=\"noreferrer noopener\" href=\"https:\/\/www.berlin.de\/ba-friedrichshain-kreuzberg\/politik-und-verwaltung\/aemter\/strassen-und-gruenflaechenamt\/gruenflaechen\/gruenanlagen\/artikel.146176.php\" target=\"_blank\">Hunde in \u00f6ffentlichen Gr\u00fcnanlagen<\/a><\/p>\n","protected":false},"excerpt":{"rendered":"<p>Eine Langzeitstudie der Humboldt-Universit\u00e4t Berlin aus dem Jahr 2018 belegt, dass nicht prim\u00e4r fehlende M\u00fclleimer, sondern Bequemlichkeit, Faulheit und fehlende&#8230;<\/p>\n","protected":false},"author":2,"featured_media":10151,"comment_status":"closed","ping_status":"closed","sticky":false,"template":"","format":"standard","meta":{"_uag_custom_page_level_css":"","iawp_total_views":32,"footnotes":""},"categories":[100,7],"tags":[],"class_list":["post-10150","post","type-post","status-publish","format-standard","has-post-thumbnail","hentry","category-druckbeitraege","category-kreuzberg","entry","rows-excerpt"],"uagb_featured_image_src":{"full":["https:\/\/moeckernkiez.org\/wp-content\/uploads\/2021\/06\/21-06-06-21-26-25-5046-e1623086510151.jpg",972,527,false],"thumbnail":["https:\/\/moeckernkiez.org\/wp-content\/uploads\/2021\/06\/21-06-06-21-26-25-5046-e1623086510151-140x140.jpg",140,140,true],"medium":["https:\/\/moeckernkiez.org\/wp-content\/uploads\/2021\/06\/21-06-06-21-26-25-5046-e1623086510151-350x190.jpg",350,190,true],"medium_large":["https:\/\/moeckernkiez.org\/wp-content\/uploads\/2021\/06\/21-06-06-21-26-25-5046-e1623086510151-768x416.jpg",768,416,true],"large":["https:\/\/moeckernkiez.org\/wp-content\/uploads\/2021\/06\/21-06-06-21-26-25-5046-e1623086510151.jpg",972,527,false],"1536x1536":["https:\/\/moeckernkiez.org\/wp-content\/uploads\/2021\/06\/21-06-06-21-26-25-5046-e1623086510151.jpg",972,527,false],"2048x2048":["https:\/\/moeckernkiez.org\/wp-content\/uploads\/2021\/06\/21-06-06-21-26-25-5046-e1623086510151.jpg",972,527,false],"awpcp-thumbnail":["https:\/\/moeckernkiez.org\/wp-content\/uploads\/2021\/06\/21-06-06-21-26-25-5046-e1623086510151.jpg",200,108,false],"awpcp-featured":["https:\/\/moeckernkiez.org\/wp-content\/uploads\/2021\/06\/21-06-06-21-26-25-5046-e1623086510151.jpg",300,163,false],"awpcp-featured-on-lists":["https:\/\/moeckernkiez.org\/wp-content\/uploads\/2021\/06\/21-06-06-21-26-25-5046-e1623086510151.jpg",300,163,false],"awpcp-large":["https:\/\/moeckernkiez.org\/wp-content\/uploads\/2021\/06\/21-06-06-21-26-25-5046-e1623086510151.jpg",640,347,false]},"uagb_author_info":{"display_name":"MB","author_link":"https:\/\/moeckernkiez.org\/?author=2"},"uagb_comment_info":0,"uagb_excerpt":"Eine Langzeitstudie der Humboldt-Universit\u00e4t Berlin aus dem Jahr 2018 belegt, dass nicht prim\u00e4r fehlende M\u00fclleimer, sondern Bequemlichkeit, Faulheit und fehlende&#8230;","publishpress_future_action":{"enabled":false,"date":"2026-05-08 02:01:07","action":"change-status","newStatus":"draft","terms":[],"taxonomy":"category","extraData":[]},"publishpress_future_workflow_manual_trigger":{"enabledWorkflows":[]},"_links":{"self":[{"href":"https:\/\/moeckernkiez.org\/index.php?rest_route=\/wp\/v2\/posts\/10150","targetHints":{"allow":["GET"]}}],"collection":[{"href":"https:\/\/moeckernkiez.org\/index.php?rest_route=\/wp\/v2\/posts"}],"about":[{"href":"https:\/\/moeckernkiez.org\/index.php?rest_route=\/wp\/v2\/types\/post"}],"author":[{"embeddable":true,"href":"https:\/\/moeckernkiez.org\/index.php?rest_route=\/wp\/v2\/users\/2"}],"replies":[{"embeddable":true,"href":"https:\/\/moeckernkiez.org\/index.php?rest_route=%2Fwp%2Fv2%2Fcomments&post=10150"}],"version-history":[{"count":9,"href":"https:\/\/moeckernkiez.org\/index.php?rest_route=\/wp\/v2\/posts\/10150\/revisions"}],"predecessor-version":[{"id":10736,"href":"https:\/\/moeckernkiez.org\/index.php?rest_route=\/wp\/v2\/posts\/10150\/revisions\/10736"}],"wp:featuredmedia":[{"embeddable":true,"href":"https:\/\/moeckernkiez.org\/index.php?rest_route=\/wp\/v2\/media\/10151"}],"wp:attachment":[{"href":"https:\/\/moeckernkiez.org\/index.php?rest_route=%2Fwp%2Fv2%2Fmedia&parent=10150"}],"wp:term":[{"taxonomy":"category","embeddable":true,"href":"https:\/\/moeckernkiez.org\/index.php?rest_route=%2Fwp%2Fv2%2Fcategories&post=10150"},{"taxonomy":"post_tag","embeddable":true,"href":"https:\/\/moeckernkiez.org\/index.php?rest_route=%2Fwp%2Fv2%2Ftags&post=10150"}],"curies":[{"name":"wp","href":"https:\/\/api.w.org\/{rel}","templated":true}]}}